{"id":328,"date":"2023-09-25T10:21:46","date_gmt":"2023-09-25T10:21:46","guid":{"rendered":"https:\/\/demosites.royal-elementor-addons.com\/solar-energy-v1\/?p=328"},"modified":"2024-11-02T19:10:47","modified_gmt":"2024-11-02T19:10:47","slug":"solar-power-in-developing-nations-brightening-lives","status":"publish","type":"post","link":"https:\/\/pregestor.com\/index.php\/2023\/09\/25\/solar-power-in-developing-nations-brightening-lives\/","title":{"rendered":"Empreitada para Conclus\u00e3o da Constru\u00e7\u00e3o do Comando Provincial dos bombeiros em Mbanza Congo, Prov\u00edncia do Zaire."},"content":{"rendered":"\t\t<div data-elementor-type=\"wp-post\" data-elementor-id=\"328\" class=\"elementor elementor-328\">\n\t\t\t\t\t\t<section class=\"elementor-section elementor-top-section elementor-element elementor-element-45847d2 elementor-section-boxed elementor-section-height-default elementor-section-height-default wpr-particle-no wpr-jarallax-no wpr-parallax-no wpr-sticky-section-no wpr-equal-height-no\" data-id=\"45847d2\" data-element_type=\"section\" data-e-type=\"section\">\n\t\t\t\t\t\t<div class=\"elementor-container elementor-column-gap-default\">\n\t\t\t\t\t<div class=\"elementor-column elementor-col-100 elementor-top-column elementor-element elementor-element-c978152\" data-id=\"c978152\" data-element_type=\"column\" data-e-type=\"column\">\n\t\t\t<div class=\"elementor-widget-wrap elementor-element-populated\">\n\t\t\t\t\t\t<div class=\"elementor-element elementor-element-9d692fc elementor-widget elementor-widget-text-editor\" data-id=\"9d692fc\" data-element_type=\"widget\" data-e-type=\"widget\" data-widget_type=\"text-editor.default\">\n\t\t\t\t<div class=\"elementor-widget-container\">\n\t\t\t\t\t\t\t\t\t<p><\/p>\n<p>O projeto tem como objetivo de concluir os trabalhos de constru\u00e7\u00e3o do Comando dos Bombeiros, Munic\u00edpio de Mbanza Congo, Zaire. Este projeto vem beneficiar os t\u00e9cnicos que futuramente poder\u00e3o exercer as suas fun\u00e7\u00f5es devidas com a finalidade de proporcionar melhores condi\u00e7\u00f5es de trabalho e comodidade, desta feita \u00e9 uma empreitada de estrema import\u00e2ncia.<\/p>\n<p><\/p>\t\t\t\t\t\t\t\t<\/div>\n\t\t\t\t<\/div>\n\t\t\t\t<section class=\"elementor-section elementor-inner-section elementor-element elementor-element-6945835 elementor-section-boxed elementor-section-height-default elementor-section-height-default wpr-particle-no wpr-jarallax-no wpr-parallax-no wpr-sticky-section-no wpr-equal-height-no\" data-id=\"6945835\" data-element_type=\"section\" data-e-type=\"section\">\n\t\t\t\t\t\t<div class=\"elementor-container elementor-column-gap-default\">\n\t\t\t\t\t<div class=\"elementor-column elementor-col-100 elementor-inner-column elementor-element elementor-element-b81491e\" data-id=\"b81491e\" data-element_type=\"column\" data-e-type=\"column\" data-settings=\"{&quot;background_background&quot;:&quot;classic&quot;}\">\n\t\t\t<div class=\"elementor-widget-wrap elementor-element-populated\">\n\t\t\t\t\t\t<div class=\"elementor-element elementor-element-24d71f3 elementor-widget elementor-widget-heading\" data-id=\"24d71f3\" data-element_type=\"widget\" data-e-type=\"widget\" data-widget_type=\"heading.default\">\n\t\t\t\t<div class=\"elementor-widget-container\">\n\t\t\t\t\t<h2 class=\"elementor-heading-title elementor-size-default\">\"O Governo Provincial do Zaire, enquanto Entidade P\u00fablica Contratante e Dono da Obra.\" - Governador Provincial: Adriano Mendes de Carvalho.\"<\/h2>\t\t\t\t<\/div>\n\t\t\t\t<\/div>\n\t\t\t\t\t<\/div>\n\t\t<\/div>\n\t\t\t\t\t<\/div>\n\t\t<\/section>\n\t\t\t\t<section class=\"elementor-section elementor-inner-section elementor-element elementor-element-725aa50 elementor-section-boxed elementor-section-height-default elementor-section-height-default wpr-particle-no wpr-jarallax-no wpr-parallax-no wpr-sticky-section-no wpr-equal-height-no\" data-id=\"725aa50\" data-element_type=\"section\" data-e-type=\"section\">\n\t\t\t\t\t\t<div class=\"elementor-container elementor-column-gap-default\">\n\t\t\t\t\t<div class=\"elementor-column elementor-col-50 elementor-inner-column elementor-element elementor-element-d51aa44\" data-id=\"d51aa44\" data-element_type=\"column\" data-e-type=\"column\">\n\t\t\t<div class=\"elementor-widget-wrap elementor-element-populated\">\n\t\t\t\t\t\t<div class=\"elementor-element elementor-element-ed90d42 elementor-widget elementor-widget-image\" data-id=\"ed90d42\" data-element_type=\"widget\" data-e-type=\"widget\" data-widget_type=\"image.default\">\n\t\t\t\t<div class=\"elementor-widget-container\">\n\t\t\t\t\t\t\t\t\t\t\t\t\t\t\t<img fetchpriority=\"high\" decoding=\"async\" width=\"960\" height=\"720\" src=\"https:\/\/pregestor.com\/wp-content\/uploads\/2023\/09\/Imagem-WhatsApp-2023-09-08-as-09.16.20_024ee2d3-1024x768.jpg\" class=\"attachment-large size-large wp-image-2514\" alt=\"\" srcset=\"https:\/\/pregestor.com\/wp-content\/uploads\/2023\/09\/Imagem-WhatsApp-2023-09-08-as-09.16.20_024ee2d3-1024x768.jpg 1024w, https:\/\/pregestor.com\/wp-content\/uploads\/2023\/09\/Imagem-WhatsApp-2023-09-08-as-09.16.20_024ee2d3-300x225.jpg 300w, https:\/\/pregestor.com\/wp-content\/uploads\/2023\/09\/Imagem-WhatsApp-2023-09-08-as-09.16.20_024ee2d3-768x576.jpg 768w, https:\/\/pregestor.com\/wp-content\/uploads\/2023\/09\/Imagem-WhatsApp-2023-09-08-as-09.16.20_024ee2d3.jpg 1040w\" sizes=\"(max-width: 960px) 100vw, 960px\" \/>\t\t\t\t\t\t\t\t\t\t\t\t\t\t\t<\/div>\n\t\t\t\t<\/div>\n\t\t\t\t\t<\/div>\n\t\t<\/div>\n\t\t\t\t<div class=\"elementor-column elementor-col-50 elementor-inner-column elementor-element elementor-element-ef8a3bb\" data-id=\"ef8a3bb\" data-element_type=\"column\" data-e-type=\"column\">\n\t\t\t<div class=\"elementor-widget-wrap elementor-element-populated\">\n\t\t\t\t\t\t<div class=\"elementor-element elementor-element-d2214e1 elementor-widget elementor-widget-heading\" data-id=\"d2214e1\" data-element_type=\"widget\" data-e-type=\"widget\" data-widget_type=\"heading.default\">\n\t\t\t\t<div class=\"elementor-widget-container\">\n\t\t\t\t\t<h2 class=\"elementor-heading-title elementor-size-default\">Empresa Adjudicat\u00e1ria<\/h2>\t\t\t\t<\/div>\n\t\t\t\t<\/div>\n\t\t\t\t<div class=\"elementor-element elementor-element-cbd62ce elementor-widget elementor-widget-text-editor\" data-id=\"cbd62ce\" data-element_type=\"widget\" data-e-type=\"widget\" data-widget_type=\"text-editor.default\">\n\t\t\t\t<div class=\"elementor-widget-container\">\n\t\t\t\t\t\t\t\t\t<p><\/p>\n<p>O presente projecto foi adjudicado a empresa Angolana denominada <strong>PREGESTOR CONSTRU\u00c7\u00d5ES Lda<\/strong>. com sede em Luanda e Filial no Centro da Cidade do Soyo, Bairro Kintambi, Provincia do Zaire, N\u00famero de Identifica\u00e7\u00e3o Fiscal (NIF) 5417349127..<\/p>\n<p><\/p>\t\t\t\t\t\t\t\t<\/div>\n\t\t\t\t<\/div>\n\t\t\t\t\t<\/div>\n\t\t<\/div>\n\t\t\t\t\t<\/div>\n\t\t<\/section>\n\t\t\t\t<div class=\"elementor-element elementor-element-e76337a elementor-widget elementor-widget-heading\" data-id=\"e76337a\" data-element_type=\"widget\" data-e-type=\"widget\" data-widget_type=\"heading.default\">\n\t\t\t\t<div class=\"elementor-widget-container\">\n\t\t\t\t\t<h2 class=\"elementor-heading-title elementor-size-default\">Prazo de execu\u00e7\u00e3o: 3 meses<\/h2>\t\t\t\t<\/div>\n\t\t\t\t<\/div>\n\t\t\t\t<div class=\"elementor-element elementor-element-ea8ff49 elementor-widget elementor-widget-text-editor\" data-id=\"ea8ff49\" data-element_type=\"widget\" data-e-type=\"widget\" data-widget_type=\"text-editor.default\">\n\t\t\t\t<div class=\"elementor-widget-container\">\n\t\t\t\t\t\t\t\t\t<p>Informa\u00e7\u00e3o a adicionar&#8230;<\/p>\t\t\t\t\t\t\t\t<\/div>\n\t\t\t\t<\/div>\n\t\t\t\t\t<\/div>\n\t\t<\/div>\n\t\t\t\t\t<\/div>\n\t\t<\/section>\n\t\t\t\t<\/div>\n\t\t","protected":false},"excerpt":{"rendered":"<p>O projeto tem como objetivo de concluir os trabalhos de constru\u00e7\u00e3o do Comando dos Bombeiros, Munic\u00edpio de Mbanza Congo, Zaire. Este projeto vem beneficiar os t\u00e9cnicos que futuramente poder\u00e3o exercer as suas fun\u00e7\u00f5es devidas com a finalidade de proporcionar melhores condi\u00e7\u00f5es de trabalho e comodidade, desta feita \u00e9 uma empreitada de estrema import\u00e2ncia. &#8220;O Governo Provincial do Zaire, enquanto Entidade P\u00fablica Contratante e Dono da Obra.&#8221; &#8211; Governador Provincial: Adriano Mendes de Carvalho.&#8221; Empresa Adjudicat\u00e1ria O presente projecto foi adjudicado a empresa Angolana denominada PREGESTOR CONSTRU\u00c7\u00d5ES Lda. com sede em Luanda e Filial no Centro da Cidade do Soyo, Bairro Kintambi, Provincia do Zaire, N\u00famero de Identifica\u00e7\u00e3o Fiscal (NIF) 5417349127.. Prazo de execu\u00e7\u00e3o: 3 meses Informa\u00e7\u00e3o a adicionar&#8230;<\/p>\n","protected":false},"author":1,"featured_media":2436,"comment_status":"open","ping_status":"open","sticky":false,"template":"","format":"standard","meta":{"footnotes":""},"categories":[4],"tags":[8],"class_list":["post-328","post","type-post","status-publish","format-standard","has-post-thumbnail","hentry","category-fiscalizacao-de-obras","tag-fiscalizacao-de-obras"],"_links":{"self":[{"href":"https:\/\/pregestor.com\/index.php\/wp-json\/wp\/v2\/posts\/328","targetHints":{"allow":["GET"]}}],"collection":[{"href":"https:\/\/pregestor.com\/index.php\/wp-json\/wp\/v2\/posts"}],"about":[{"href":"https:\/\/pregestor.com\/index.php\/wp-json\/wp\/v2\/types\/post"}],"author":[{"embeddable":true,"href":"https:\/\/pregestor.com\/index.php\/wp-json\/wp\/v2\/users\/1"}],"replies":[{"embeddable":true,"href":"https:\/\/pregestor.com\/index.php\/wp-json\/wp\/v2\/comments?post=328"}],"version-history":[{"count":11,"href":"https:\/\/pregestor.com\/index.php\/wp-json\/wp\/v2\/posts\/328\/revisions"}],"predecessor-version":[{"id":2517,"href":"https:\/\/pregestor.com\/index.php\/wp-json\/wp\/v2\/posts\/328\/revisions\/2517"}],"wp:featuredmedia":[{"embeddable":true,"href":"https:\/\/pregestor.com\/index.php\/wp-json\/wp\/v2\/media\/2436"}],"wp:attachment":[{"href":"https:\/\/pregestor.com\/index.php\/wp-json\/wp\/v2\/media?parent=328"}],"wp:term":[{"taxonomy":"category","embeddable":true,"href":"https:\/\/pregestor.com\/index.php\/wp-json\/wp\/v2\/categories?post=328"},{"taxonomy":"post_tag","embeddable":true,"href":"https:\/\/pregestor.com\/index.php\/wp-json\/wp\/v2\/tags?post=328"}],"curies":[{"name":"wp","href":"https:\/\/api.w.org\/{rel}","templated":true}]}}